{"id":2117,"date":"2022-08-19T15:07:51","date_gmt":"2022-08-19T18:07:51","guid":{"rendered":"http:\/\/voceeumvitorioso.com.br\/?p=2117"},"modified":"2022-08-19T15:07:51","modified_gmt":"2022-08-19T18:07:51","slug":"o-3-selo-o-cavalo-preto-a-fome","status":"publish","type":"post","link":"https:\/\/voceeumvitorioso.com.br\/?p=2117","title":{"rendered":"O 3\u00b0 Selo &#8211; O Cavalo Preto: A Fome"},"content":{"rendered":"\n<p><strong>&#8220;O dia que n\u00f3s soubermos ser sinceros com Deus, n\u00e3o existir\u00e1 prece sem ser atendida, choro sem ser consolado, nem d\u00favida \u00e0 ser respondida&#8230;&#8221;<\/strong><\/p>\n\n\n\n<h1>Apocalipse 6:5&nbsp;<a href=\"https:\/\/www.bibliadocristao.com\/apocalipse\/6\/6\"><\/a><\/h1>\n\n\n\n<p><strong>E, havendo aberto o terceiro selo, ouvi dizer ao terceiro animal: Vem, e v\u00ea. E olhei, e eis um cavalo preto e o que sobre ele estava assentado tinha uma balan\u00e7a na m\u00e3o.<\/strong><\/p>\n\n\n\n<p><strong>E ouvi uma voz no meio dos quatro animais, que dizia: Uma medida de trigo por um dinheiro, e tr\u00eas medidas de cevada por um dinheiro; e n\u00e3o danifiques o azeite e o vinho.<\/strong><\/p>\n\n\n\n<p><strong>Preto, nas Escrituras, \u00e9 a imagem do medo, da fome, da morte.&nbsp;Lamenta\u00e7\u00f5<em>es 5:10<\/em>&nbsp;; \u201cNossa pele estava preta como um forno, por causa da terr\u00edvel fome.\u201d&nbsp;Jeremias 14: 2&nbsp;; \u201cPor causa da seca, Jud\u00e1 lamenta, e as suas portas definham; eles est\u00e3o de luto profundo (literalmente, negros) pela terra. \u201d&nbsp;<em>Joel 2: 6<\/em>&nbsp;; \u201cTodos os rostos reunir\u00e3o escurid\u00e3o.\u201d&nbsp;Naum 2:10&nbsp;; \u201cOs joelhos ferem juntos, e h\u00e1 uma grande dor em todos os lombos, e os rostos de todos ganham escurid\u00e3o.\u201d Compare&nbsp;Apocalipse 6:12&nbsp;;&nbsp;Ezequiel 32: 7&nbsp;. Pela cor do cavalo aqui apresentada, devemos procurar naturalmente uma calamidade terr\u00edvel, embora a natureza da calamidade n\u00e3o seja designada pelo mero uso da palavra \u201cpreto\u201d. Qual deveria ser a calamidade deve ser determinada pelo que se segue no s\u00edmbolo. Fome, peste, opress\u00e3o, tributa\u00e7\u00e3o pesada, tirania, invas\u00e3o \u2013 qualquer um desses itens pode ser indicado pela cor do cavalo.<\/strong><\/p>\n\n\n\n<p><strong>S\u00edmbolo tamb\u00e9m da fome que insurgir\u00e1 e far\u00e1 com que o alimento seja racionado, seja pesado e ter\u00e1 pre\u00e7os exorbitantes.<\/strong><\/p>\n\n\n\n<p><strong>Tudo isto identifica o terceiro cavaleiro como sendo a Fome. Nos tempos de guerra escasseia o alimento, e ele \u00e9 racionado e pesado para cada fam\u00edlia.<\/strong><\/p>\n\n\n\n<p><strong>Os pre\u00e7os dos g\u00eaneros de primeira necessidade se elevam assustadoramente; triplica ou decuplica o pre\u00e7o do trigo para o p\u00e3o.<\/strong><\/p>\n\n\n\n<p><strong>O Aumento excessivo no pre\u00e7o de trigo comprometer\u00e1 seriamente a Economia Mundial. Mas para que haja um aumento t\u00e3o estupendo nos pre\u00e7os do trigo, seus derivados e outros alimentos essenciais &nbsp;\u00e9 necess\u00e1rio uma crise, e a crise, pode ser gerada entre outras causas por:<\/strong><\/p>\n\n\n\n<p><strong>&#8211; Guerras;<\/strong><\/p>\n\n\n\n<p><strong>&#8211; Trag\u00e9dias Ambientais de grande Porte<\/strong>;<\/p>\n\n\n\n<p><strong>&#8211; Mudan\u00e7as Clim\u00e1ticas&nbsp;radicais e&nbsp;comprometedoras na produ\u00e7\u00e3o de alimento, a seca excessiva ou&nbsp;abund\u00e2ncia&nbsp;de chuvas fora de tempo e esta\u00e7\u00e3o podem comprometer &nbsp;a produ\u00e7\u00e3o de alimentos;<\/strong><\/p>\n\n\n\n<p><strong>&#8211; Pragas avassaladoras<\/strong>;<\/p>\n\n\n\n<p><strong>&#8211; Desastres Nucleares que venham contaminar a produ\u00e7\u00e3o alimentos que poder\u00e3o ficar infectadas por agentes Radioativos.&nbsp;<\/strong><\/p>\n\n\n\n<p><strong>N\u00e3o se sabe ao certo como este misterioso cavaleiro vai provocar danos a Economia Mundial, principalmente a Economia das Na\u00e7\u00f5es mais ricas do mundo, localizadas acima da linha do Equador.&nbsp; &nbsp; &nbsp; &nbsp; &nbsp; &nbsp; &nbsp; &nbsp; &nbsp; &nbsp; &nbsp; &nbsp; &nbsp; &nbsp;\u00c9 l\u00f3gico que a crise no&nbsp;Hemisf\u00e9rio&nbsp;norte sempre acaba refletindo no&nbsp;Hemisf\u00e9rio&nbsp;Sul. Isto indica que os Caos&nbsp;econ\u00f4mico&nbsp;ser\u00e1 a&nbsp;n\u00edvel&nbsp;mundial.&nbsp;<\/strong><\/p>\n\n\n\n<p><strong>As balan\u00e7as: \u201ce aquele que estava sentado sobre ele tinha um par de balan\u00e7as na m\u00e3o\u201d. A palavra original traduzida aqui como \u201cum par de saldos\u201d.&nbsp;Esta palavra significa apropriadamente um jugo, que serve para acoplar qualquer coisa, como um jugo para gado.&nbsp;Por isso, \u00e9 usado para denotar o feixe de uma balan\u00e7a ou de um par de escalas \u2013 e \u00e9 evidentemente usado aqui.&nbsp;A ideia \u00e9 que algo deveria ser pesado, a fim de determinar sua quantidade ou seu valor.&nbsp;Escalas ou balan\u00e7as s\u00e3o os emblemas da justi\u00e7a ou da equidade (compare&nbsp;J\u00f3 31: 6&nbsp;;&nbsp;Salmo 62: 9&nbsp;;&nbsp;Prov\u00e9rbios 11: 1&nbsp;;&nbsp;Prov\u00e9rbios 16:11&nbsp;);&nbsp;e quando associados a s\u00edmbolos que denotam a venda de gr\u00e3os e frutas em peso, tornam-se o s\u00edmbolo da escassez.&nbsp;Assim, \u201cp\u00e3o em peso\u201d&nbsp;Lev\u00edtico 26:26&nbsp;denota escassez.&nbsp;Assim, em&nbsp;Ezequiel 4:16&nbsp;: \u201cE eles comer\u00e3o p\u00e3o em peso\u201d.&nbsp;O uso de balan\u00e7as aqui como um s\u00edmbolo significaria que algo deveria ser ponderado com precis\u00e3o e cuidado.<\/strong><\/p>\n\n\n\n<p><strong>A Cavalgada desse Cavaleiro montado num cavalo preto representa a uma grande eleva\u00e7\u00e3o do custo de Vida, tr\u00e1s de volta para o&nbsp;Cen\u00e1rio&nbsp;mundial a Infla\u00e7\u00e3o (Diminui\u00e7\u00e3o do Poder de compra) para tal os principais alimentos de consumo se tornar\u00e3o escasso e&nbsp;muit\u00edssimo&nbsp;caros. Pode ocasionar tamb\u00e9m a desvaloriza\u00e7\u00e3o da moeda de cada na\u00e7\u00e3o, provocando grande crise&nbsp;econ\u00f4mica&nbsp;mundial, colapso financeiro e a Fome em larga escala em todos os cantos.&nbsp;<\/strong><\/p>\n","protected":false},"excerpt":{"rendered":"<p>&#8220;O dia que n\u00f3s soubermos ser sinceros com Deus, n\u00e3o existir\u00e1 prece sem ser atendida, choro sem ser consolado, nem<\/p>\n","protected":false},"author":1,"featured_media":2119,"comment_status":"closed","ping_status":"open","sticky":false,"template":"","format":"standard","meta":[],"categories":[1],"tags":[],"_links":{"self":[{"href":"https:\/\/voceeumvitorioso.com.br\/index.php?rest_route=\/wp\/v2\/posts\/2117"}],"collection":[{"href":"https:\/\/voceeumvitorioso.com.br\/index.php?rest_route=\/wp\/v2\/posts"}],"about":[{"href":"https:\/\/voceeumvitorioso.com.br\/index.php?rest_route=\/wp\/v2\/types\/post"}],"author":[{"embeddable":true,"href":"https:\/\/voceeumvitorioso.com.br\/index.php?rest_route=\/wp\/v2\/users\/1"}],"replies":[{"embeddable":true,"href":"https:\/\/voceeumvitorioso.com.br\/index.php?rest_route=%2Fwp%2Fv2%2Fcomments&post=2117"}],"version-history":[{"count":2,"href":"https:\/\/voceeumvitorioso.com.br\/index.php?rest_route=\/wp\/v2\/posts\/2117\/revisions"}],"predecessor-version":[{"id":2120,"href":"https:\/\/voceeumvitorioso.com.br\/index.php?rest_route=\/wp\/v2\/posts\/2117\/revisions\/2120"}],"wp:featuredmedia":[{"embeddable":true,"href":"https:\/\/voceeumvitorioso.com.br\/index.php?rest_route=\/wp\/v2\/media\/2119"}],"wp:attachment":[{"href":"https:\/\/voceeumvitorioso.com.br\/index.php?rest_route=%2Fwp%2Fv2%2Fmedia&parent=2117"}],"wp:term":[{"taxonomy":"category","embeddable":true,"href":"https:\/\/voceeumvitorioso.com.br\/index.php?rest_route=%2Fwp%2Fv2%2Fcategories&post=2117"},{"taxonomy":"post_tag","embeddable":true,"href":"https:\/\/voceeumvitorioso.com.br\/index.php?rest_route=%2Fwp%2Fv2%2Ftags&post=2117"}],"curies":[{"name":"wp","href":"https:\/\/api.w.org\/{rel}","templated":true}]}}