{"id":2867,"date":"2024-09-28T13:39:00","date_gmt":"2024-09-28T16:39:00","guid":{"rendered":"https:\/\/voceeumvitorioso.com.br\/?p=2867"},"modified":"2025-01-21T02:02:03","modified_gmt":"2025-01-21T05:02:03","slug":"cinturao-de-orion","status":"publish","type":"post","link":"https:\/\/voceeumvitorioso.com.br\/?p=2867","title":{"rendered":"Cintur\u00e3o de \u00d3rion"},"content":{"rendered":"\n<p>\u00d3rion figura na&nbsp;<a href=\"https:\/\/pt.wikipedia.org\/wiki\/Esfera_celeste\">esfera celeste<\/a>&nbsp;segurando um porrete na m\u00e3o direita e uma pele de le\u00e3o (ou escudo) no bra\u00e7o esquerdo.<\/p>\n\n\n\n<p>\u00c9 uma das&nbsp;<a href=\"https:\/\/pt.wikipedia.org\/wiki\/Lista_de_constela%C3%A7%C3%B5es\">oitenta e oito<\/a>&nbsp;<a href=\"https:\/\/pt.wikipedia.org\/wiki\/Constela%C3%A7%C3%A3o\">constela\u00e7\u00f5es modernas<\/a>. O&nbsp;<a href=\"https:\/\/pt.wikipedia.org\/wiki\/Caso_genitivo\">genitivo<\/a>, usado para formar nomes de&nbsp;<a href=\"https:\/\/pt.wikipedia.org\/wiki\/Estrela\">estrelas<\/a>, \u00e9&nbsp;<em>Orionis<\/em>. Est\u00e1 localizada no&nbsp;<a href=\"https:\/\/pt.wikipedia.org\/wiki\/Equador_celeste\">equador celeste<\/a>&nbsp;e, por este motivo, \u00e9 vis\u00edvel em praticamente todas as regi\u00f5es habitadas da Terra.&nbsp;<\/p>\n\n\n\n<p>A constela\u00e7\u00e3o de \u00d3rion \u00e9 not\u00e1vel pela presen\u00e7a de muitas&nbsp;<a href=\"https:\/\/pt.wikipedia.org\/wiki\/Lista_das_estrelas_mais_brilhantes\">estrelas brilhantes<\/a>, que formam figuras de f\u00e1cil reconhecimento. A&nbsp;<a href=\"https:\/\/pt.wikipedia.org\/wiki\/Gigante_azul\">gigante azul<\/a>&nbsp;<a href=\"https:\/\/pt.wikipedia.org\/wiki\/R%C3%ADgel\">R\u00edgel<\/a>&nbsp;e a&nbsp;<a href=\"https:\/\/pt.wikipedia.org\/wiki\/Gigante_vermelha\">gigante vermelha<\/a>&nbsp;<a href=\"https:\/\/pt.wikipedia.org\/wiki\/Betelgeuse\">Betelgeuse<\/a>&nbsp;apresentam maior brilho e, juntamente com&nbsp;<a href=\"https:\/\/pt.wikipedia.org\/wiki\/Bellatrix\">Bellatrix<\/a>&nbsp;e&nbsp;<a href=\"https:\/\/pt.wikipedia.org\/wiki\/Saiph\">Saiph<\/a>&nbsp;comp\u00f5em o quadril\u00e1tero principal. Em seu centro figuram&nbsp;<a href=\"https:\/\/pt.wikipedia.org\/wiki\/Alnitak\">Alnitak<\/a>,&nbsp;<a href=\"https:\/\/pt.wikipedia.org\/wiki\/Alnilam\">Alnilam<\/a>&nbsp;e&nbsp;<a href=\"https:\/\/pt.wikipedia.org\/wiki\/Mintaka\">Mintaka<\/a>, tr\u00eas estrelas de brilho similar alinhadas que constituem o Cintur\u00e3o de \u00d3rion,&nbsp;<a href=\"https:\/\/pt.wikipedia.org\/wiki\/Asterismo_(astronomia)\">asterismo<\/a>&nbsp;conhecido popularmente como&nbsp;<a href=\"https:\/\/pt.wikipedia.org\/wiki\/Tr%C3%AAs_Marias_(astronomia)\">Tr\u00eas Marias<\/a>. <\/p>\n\n\n\n<p>\u00d3rion tamb\u00e9m possui numerosos&nbsp;<a href=\"https:\/\/pt.wikipedia.org\/wiki\/Objetos_do_c%C3%A9u_profundo\">objetos do c\u00e9u profundo<\/a>, sobretudo&nbsp;<a href=\"https:\/\/pt.wikipedia.org\/wiki\/Nebulosa\">nebulosas<\/a>. A mais not\u00e1vel \u00e9 a&nbsp;<a href=\"https:\/\/pt.wikipedia.org\/wiki\/Nebulosa_de_%C3%93rion\">Nebulosa de \u00d3rion<\/a>, \u00fanica vis\u00edvel a olho nu que, a cerca de 1&nbsp;500&nbsp;<a href=\"https:\/\/pt.wikipedia.org\/wiki\/Ano-luz\">anos-luz<\/a>, \u00e9 uma das regi\u00f5es de&nbsp;<a href=\"https:\/\/pt.wikipedia.org\/wiki\/Forma%C3%A7%C3%A3o_estelar\">forma\u00e7\u00e3o estelar<\/a>&nbsp;mais pr\u00f3ximas. A constela\u00e7\u00e3o tamb\u00e9m abriga outras nebulosas emblem\u00e1ticas, incluindo a&nbsp;<a href=\"https:\/\/pt.wikipedia.org\/wiki\/Nebulosa_Cabe%C3%A7a_de_Cavalo\">Nebulosa escura Cabe\u00e7a de Cavalo<\/a>&nbsp;e a&nbsp;<a href=\"https:\/\/pt.wikipedia.org\/wiki\/Nebulosa_da_Chama\">Nebulosa da Chama<\/a>, al\u00e9m de muitas outras nuvens que comp\u00f5em o&nbsp;<a href=\"https:\/\/pt.wikipedia.org\/w\/index.php?title=Complexo_de_Nuvens_Moleculares_de_%C3%93rion&amp;action=edit&amp;redlink=1\">Complexo de Nuvens Moleculares de \u00d3rion<\/a>. De fato, muitas das estrelas gigantes azuis originaram-se dessas&nbsp;<a href=\"https:\/\/pt.wikipedia.org\/wiki\/Nuvem_molecular\">nuvens moleculares<\/a>&nbsp;e hoje&nbsp;<a href=\"https:\/\/pt.wikipedia.org\/wiki\/Nebulosa_de_reflex%C3%A3o\">iluminam o material remanescente<\/a>.<\/p>\n\n\n\n<p>Por ser um conjunto proeminente de estrelas, foram atribu\u00eddos v\u00e1rios significados \u00e0 constela\u00e7\u00e3o por diversas culturas em todo o mundo. Sua denomina\u00e7\u00e3o moderna prov\u00e9m do personagem da&nbsp;<a href=\"https:\/\/pt.wikipedia.org\/wiki\/Mitologia_grega\">mitologia grega<\/a>&nbsp;<a href=\"https:\/\/pt.wikipedia.org\/wiki\/%C3%93rion_(mitologia)\">\u00d3rion<\/a>, o ca\u00e7ador, que, segundo algumas vers\u00f5es, se apaixonou pela deusa&nbsp;<a href=\"https:\/\/pt.wikipedia.org\/wiki\/%C3%81rtemis\">\u00c1rtemis<\/a>, mas foi morto por um&nbsp;<a href=\"https:\/\/pt.wikipedia.org\/wiki\/Escorpi%C3%A3o_(astrologia)\">escorpi\u00e3o<\/a>&nbsp;e eternizado nos c\u00e9us sob a forma de constela\u00e7\u00e3o. \u00d3rion \u00e9 uma das&nbsp;<a href=\"https:\/\/pt.wikipedia.org\/wiki\/Lista_de_constela%C3%A7%C3%B5es\">oitenta e oito constela\u00e7\u00f5es modernas<\/a>. \u00c9 uma das constela\u00e7\u00f5es mais facilmente reconhec\u00edveis pela quantidade de&nbsp;<a href=\"https:\/\/pt.wikipedia.org\/wiki\/Lista_das_estrelas_mais_brilhantes\">estrelas brilhantes<\/a>&nbsp;presentes e a presen\u00e7a de&nbsp;<a href=\"https:\/\/pt.wikipedia.org\/wiki\/Asterismo_(astronomia)\">asterismos<\/a>&nbsp;facilmente distingu\u00edveis. Em sentido hor\u00e1rio limita-se com&nbsp;<a href=\"https:\/\/pt.wikipedia.org\/wiki\/Gemini_(constela%C3%A7%C3%A3o)\">Gemini<\/a>&nbsp;(G\u00eameos),&nbsp;<a href=\"https:\/\/pt.wikipedia.org\/wiki\/Taurus\">Taurus<\/a>&nbsp;(Touro),&nbsp;<a href=\"https:\/\/pt.wikipedia.org\/wiki\/Eridanus\">Eridanus<\/a>&nbsp;(Rio Er\u00eddano),&nbsp;<a href=\"https:\/\/pt.wikipedia.org\/wiki\/Lepus\">Lepus<\/a>&nbsp;(Lebre) e&nbsp;<a href=\"https:\/\/pt.wikipedia.org\/wiki\/Monoceros\">Monoceros<\/a>&nbsp;(Unic\u00f3rnio).<\/p>\n\n\n\n<p>O&nbsp;<strong>rio Er\u00eddano<\/strong>&nbsp;(do&nbsp;<a href=\"https:\/\/pt.wikipedia.org\/wiki\/Latim\">latim<\/a>&nbsp;<em>Eridanus<\/em>) \u00e9 um dos cinco rios m\u00edsticos que cortam o&nbsp;<a href=\"https:\/\/pt.wikipedia.org\/wiki\/Hades\">Hades<\/a>. O Rio Er\u00eddano sinuosamente navega pelas terras, desde os p\u00e9s do Gigante Ca\u00e7ador (\u00d3rion). Quando Achernar entra em cena no horizonte sudeste,&nbsp;o c\u00e9u vem apresentando situa\u00e7\u00f5es muit\u00edssimo interessantes:&nbsp;O Escorpi\u00e3o apronta-se para deitar-se no horizonte oeste&nbsp;e isto significa que o Gigante \u00d3rion&nbsp;j\u00e1 tem toda a inten\u00e7\u00e3o de apresentar-se no horizonte leste! &nbsp;E sabemos que a estrela que marca&nbsp;um dos p\u00e9s do Gigante Ca\u00e7ador, Rigel, estrela-beta Orionis,&nbsp;acontece exatamente no lugar onde o Rio Eridanus nasce&nbsp;e \u00e9 marcado por sua estrela-bela Eridanii, Cursa.<\/p>\n\n\n\n<p>O <strong>Hades<\/strong> na&nbsp;<a href=\"https:\/\/pt.wikipedia.org\/wiki\/Mitologia_grega\">mitologia grega<\/a>, \u00e9 o deus do&nbsp;<a href=\"https:\/\/pt.wikipedia.org\/wiki\/Mundo_inferior_(mitologia_grega)\">mundo inferior<\/a>&nbsp;e dos&nbsp;<a href=\"https:\/\/pt.wikipedia.org\/wiki\/Morte\">mortos<\/a>. Equivalente ao&nbsp;<a href=\"https:\/\/pt.wikipedia.org\/wiki\/Mitologia_romana\">deus romano<\/a>&nbsp;<a href=\"https:\/\/pt.wikipedia.org\/wiki\/Plut%C3%A3o_(mitologia)\">Plut\u00e3o<\/a>, que significa&nbsp;<em>o rico<\/em>&nbsp;e que era tamb\u00e9m um dos seus ep\u00edtetos gregos, seu nome era usado frequentemente para designar tanto o deus quanto o&nbsp;<a href=\"https:\/\/pt.wikipedia.org\/wiki\/Hades_(reino)\">reino<\/a>&nbsp;que governa, nos subterr\u00e2neos da&nbsp;<a href=\"https:\/\/pt.wikipedia.org\/wiki\/Terra\">Terra<\/a>. \u00c9 considerado um deus da &#8220;segunda gera\u00e7\u00e3o&#8221; pelos estudiosos, oriundo que fora de&nbsp;<a href=\"https:\/\/pt.wikipedia.org\/wiki\/Cronos\">Cronos<\/a> (<strong>deus do tempo<\/strong>).&nbsp;\u201c\u2026o \u201cd\u00e9j\u00e1 vu\u201d, \u201cnovo\u201d e o \u201cvelho\u201d, o deus da repeti\u00e7\u00e3o.<\/p>\n\n\n\n<p>\u00d3rion<\/p>\n\n\n\n<p>\u00d3rion nas culturas antigas, \u00d3rion \u00e9 um ca\u00e7ador\/guerreiro. As famosas estrelas tr\u00eas Marias comp\u00f5em o cintur\u00e3o imagin\u00e1rio desse guerreiro. Inscri\u00e7\u00f5es eg\u00edpcias mostram o guerreiro celestial (Os\u00edris) expulsando do C\u00e9u um drag\u00e3o com quatro asas (como os querubins b\u00edblicos). Alguma semelhan\u00e7a com outra hist\u00f3ria que voc\u00ea conhece? Na Mesopot\u00e2mia, \u00d3rion tamb\u00e9m \u00e9 o guerreiro que expulsa um drag\u00e3o do C\u00e9u. Uma das estrelas da constela\u00e7\u00e3o \u00e9 Betelgeuse.&nbsp;<em>Betel<\/em>&nbsp;(do sonho de Jac\u00f3) quer dizer \u201ccasa de Deus\u201d.&nbsp;<em>Betelgeuse<\/em>&nbsp;significa \u201cportal da casa de Deus\u201d.&nbsp;<\/p>\n\n\n\n<p>O cintur\u00e3o de Orion e as Tr\u00eas Marias<\/p>\n\n\n\n<p>Na mitologia grega, uma das teorias diz que Orion foi colocado pelos Deuses em uma constela\u00e7\u00e3o para que n\u00e3o fosse esquecido. O mesmo vale para as Tr\u00eas Marias. Na tradi\u00e7\u00e3o da religi\u00e3o crist\u00e3, o trio de estrelas diz respeito tanto para as tr\u00eas mulheres que visitaram o t\u00famulo de Cristo na ressurei\u00e7\u00e3o, tanto por estarem aos p\u00e9s de Jesus na hora de sua morte. As famosas Tr\u00eas Marias s\u00e3o facilmente&nbsp;<strong>vistas a olho nu<\/strong>, seja no hemisf\u00e9rio norte ou sul.&nbsp; S\u00e3o estrelas azuis de poderoso brilho,&nbsp;<strong>muito maiores que o Sol<\/strong>, e est\u00e3o a cerca de 1500 anos-luz da Terra.<\/p>\n\n\n\n<figure class=\"wp-block-image size-large is-resized\"><img loading=\"lazy\" src=\"https:\/\/voceeumvitorioso.com.br\/wp-content\/uploads\/2024\/09\/orion-constelacion-cke.jpg\" alt=\"\" class=\"wp-image-2873\" width=\"860\" height=\"560\" srcset=\"https:\/\/voceeumvitorioso.com.br\/wp-content\/uploads\/2024\/09\/orion-constelacion-cke.jpg 630w, https:\/\/voceeumvitorioso.com.br\/wp-content\/uploads\/2024\/09\/orion-constelacion-cke-300x195.jpg 300w\" sizes=\"(max-width: 860px) 100vw, 860px\" \/><\/figure>\n\n\n\n<p><strong>Trio de \u00d3rion<\/strong><\/p>\n\n\n\n<p>Um conjunto de estrelas que tra\u00e7am um desenho, como as Tr\u00eas Marias, \u00e9 chamado pelos cientistas de&nbsp;<strong>asterismo<\/strong>. O trio faz parte da Constela\u00e7\u00e3o de \u00d3rion, compondo o que \u00e9 chamado de&nbsp;<strong>Cintur\u00e3o de \u00d3rion<\/strong>. As tr\u00eas estrelas foram batizadas com nomes \u00e1rabes:&nbsp;<strong>Mintaka, Alnilam e Alnitak<\/strong>,&nbsp;<strong>q<\/strong>ue significam o cinto, a p\u00e9rola e a corda, caracterizando os elementos do cintur\u00e3o do ca\u00e7ador \u00d3rion.<\/p>\n\n\n\n<p>Vale destacar que o&nbsp;<strong>cintur\u00e3o de Orion<\/strong>&nbsp;possui outras estrelas, cujos espa\u00e7os entre elas \u00e9 dominado por uma regi\u00e3o repleta de poeira e gases em colis\u00e3o. A concentra\u00e7\u00e3o dessas mat\u00e9rias resulta na forma\u00e7\u00e3o de&nbsp;<a rel=\"noreferrer noopener\" href=\"https:\/\/www.tecmundo.com.br\/ciencia\/127152-voce-sentir-viajando-cosmos-nebulosas-espetaculares.htm\" target=\"_blank\">nebulosas<\/a>, sendo a mais forte delas a chamada&nbsp;<strong>Nebulosa de Orion&nbsp;<\/strong>\u2014 um dos fen\u00f4menos mais estudados na&nbsp;<a rel=\"noreferrer noopener\" href=\"https:\/\/www.tecmundo.com.br\/astronomia\" target=\"_blank\">astronomia<\/a>. An\u00e1lises mais recentes dessa \u00e1rea mostram que ela atua como um \u201cber\u00e7o\u201d na gal\u00e1xia, respons\u00e1vel pela forma\u00e7\u00e3o de estrelas e planetas.<\/p>\n\n\n\n<p>Uma das formas mais f\u00e1ceis de se localizar \u00d3rion \u00e9 encontrar o asterismo do Cintur\u00e3o de \u00d3rion, popularmente conhecido como&nbsp;<a href=\"https:\/\/pt.wikipedia.org\/wiki\/Tr%C3%AAs_Marias_(astronomia)\">Tr\u00eas Marias<\/a>, uma s\u00e9rie de tr\u00eas estrelas alinhadas e igualmente espa\u00e7adas. Este asterismo situa-se no centro de um quadril\u00e1tero de estrelas brilhantes. Uma das estrelas mais brilhantes deste quadril\u00e1tero, chamada Betelgeuse, (a casa do Pai) apresenta um brilho vermelho caracter\u00edstico.&nbsp;<\/p>\n\n\n\n<figure class=\"wp-block-image size-large\"><img loading=\"lazy\" width=\"960\" height=\"960\" src=\"https:\/\/voceeumvitorioso.com.br\/wp-content\/uploads\/2024\/09\/960x960.jpg\" alt=\"\" class=\"wp-image-2875\" srcset=\"https:\/\/voceeumvitorioso.com.br\/wp-content\/uploads\/2024\/09\/960x960.jpg 960w, https:\/\/voceeumvitorioso.com.br\/wp-content\/uploads\/2024\/09\/960x960-300x300.jpg 300w, https:\/\/voceeumvitorioso.com.br\/wp-content\/uploads\/2024\/09\/960x960-150x150.jpg 150w, https:\/\/voceeumvitorioso.com.br\/wp-content\/uploads\/2024\/09\/960x960-768x768.jpg 768w\" sizes=\"(max-width: 960px) 100vw, 960px\" \/><\/figure>\n\n\n\n<p>&nbsp;No canto oposto, destaca-se R\u00edgel com um brilho azulado. As outras duas estrelas s\u00e3o Bellatrix (pr\u00f3xima a Betelgeuse, sendo que estas duas formam os ombros do ca\u00e7ador) e Saiph (que, junto com R\u00edgel, s\u00e3o seus p\u00e9s ou joelhos). Um conjunto de estrelas de menor brilho enfileiradas pouco ao sul do cintur\u00e3o constituem a espada de \u00d3rion.<\/p>\n\n\n\n<figure class=\"wp-block-image size-large is-resized\"><img loading=\"lazy\" src=\"https:\/\/voceeumvitorioso.com.br\/wp-content\/uploads\/2024\/09\/2f97abd3f7d926ec66e409e033944d62.jpg\" alt=\"\" class=\"wp-image-2876\" width=\"861\" height=\"720\" srcset=\"https:\/\/voceeumvitorioso.com.br\/wp-content\/uploads\/2024\/09\/2f97abd3f7d926ec66e409e033944d62.jpg 585w, https:\/\/voceeumvitorioso.com.br\/wp-content\/uploads\/2024\/09\/2f97abd3f7d926ec66e409e033944d62-300x251.jpg 300w\" sizes=\"(max-width: 861px) 100vw, 861px\" \/><\/figure>\n\n\n\n<p>Pr\u00f3ximo a Bellatrix uma s\u00e9rie de estrelas forma o escudo do ca\u00e7ador, enquanto que, a partir de Betelgeuse,((Alfa orionis), outras estrelas de menor brilho formam seu bra\u00e7o levantado. Ainda, pouco acima da linha entre Betelgeuse e Bellatrix, a estrela Meissa representa a cabe\u00e7a do ca\u00e7ador.<\/p>\n\n\n\n<p>QUANTO AO TEMPO<br>Segundo a mitologia grega, Cronos, deus do tempo, devorava os pr\u00f3prios filhos para que nenhum deles pudesse um dia roubar-lhe o trono. Salvo pela m\u00e3e, R\u00e9ia, Zeus conseguiu escapar ao tr\u00e1gico destino que o aguardava, vindo posteriormente a destronar o pai e a tornar-se rei dos deuses.<\/p>\n\n\n\n<p>Essa lenda destaca o car\u00e1ter destrutivo do tempo, t\u00e3o valorizado pelo senso comum. Os objetos queridos, as paix\u00f5es, as realiza\u00e7\u00f5es mais grandiosas cedem perante esse \u201csenhor\u201d que parece reger os destinos. Existe, inclusive, um ditado popular que diz que se a vida \u00e9 uma escola, os anos s\u00e3o professores. O saber acumulado no dia a dia constitui uma ferramenta auxiliar na articula\u00e7\u00e3o do conhecimento do mundo.<\/p>\n\n\n\n<p>O tempo cronol\u00f3gico, conforme \u00e9 concebido no cotidiano, escorre na passagem da areia pelo orif\u00edcio da ampulheta, nas badaladas de um velho carrilh\u00e3o, no tique-taque do despertador ou em qualquer outro instrumento que se queira tomar como referencial de medida. Por\u00e9m, em v\u00e1rios momentos temos a sensa\u00e7\u00e3o de que o tempo vivido e o tempo cronol\u00f3gico n\u00e3o est\u00e3o juntos. As horas e os dias muitas vezes indicam haverdes compasso entre o que marcam os rel\u00f3gios e o os nossos sentimentos, o que indica ser o tempo pessoal regido por humores e sensa\u00e7\u00f5es subjetivas. A alegria e o prazer s\u00e3o geralmente acompanhados pela sensa\u00e7\u00e3o de passagem r\u00e1pida do tempo, enquanto a tristeza, o medo, a espera, parecem fazer de cada minuto um s\u00e9culo.<\/p>\n\n\n\n<p>o TEMPO nos atingem na forma de um eco, cuja resson\u00e2ncia que o provocou parece ter sido emitida em um momento qualquer na escurid\u00e3o da vida e o presente parece ressoar apenas como um eco.\u201d O \u201cnovo\u201d e o \u201cvelho\u201d, articula\u00e7\u00e3o do conhecido com o desconhecido, s\u00e3o processos nos quais o presente busca nos arquivos armazenados do passado de &#8220;esse filme eu j\u00e1 vi&#8221;.<\/p>\n\n\n\n<p>&#8220;\u00d3RION, BETELGEUSE&#8221;<\/p>\n\n\n\n<p>TODA A HONRA E TODA A GL\u00d3RIA&#8230;AMEM<\/p>\n\n\n\n<figure class=\"wp-block-embed is-type-video is-provider-youtube wp-block-embed-youtube wp-embed-aspect-16-9 wp-has-aspect-ratio\"><div class=\"wp-block-embed__wrapper\">\n<iframe loading=\"lazy\" title=\"Enya - Dreams Are More Precious (Official Audio)\" width=\"840\" height=\"473\" src=\"https:\/\/www.youtube.com\/embed\/LWa8RlXDzgo?feature=oembed\" frameborder=\"0\" allow=\"accelerometer; autoplay; clipboard-write; encrypted-media; gyroscope; picture-in-picture; web-share\" referrerpolicy=\"strict-origin-when-cross-origin\" allowfullscreen><\/iframe>\n<\/div><\/figure>\n\n\n\n<p><\/p>\n","protected":false},"excerpt":{"rendered":"<p>\u00d3rion figura na&nbsp;esfera celeste&nbsp;segurando um porrete na m\u00e3o direita e uma pele de le\u00e3o (ou escudo) no bra\u00e7o esquerdo. \u00c9<\/p>\n","protected":false},"author":1,"featured_media":0,"comment_status":"closed","ping_status":"open","sticky":false,"template":"","format":"standard","meta":[],"categories":[1],"tags":[],"_links":{"self":[{"href":"https:\/\/voceeumvitorioso.com.br\/index.php?rest_route=\/wp\/v2\/posts\/2867"}],"collection":[{"href":"https:\/\/voceeumvitorioso.com.br\/index.php?rest_route=\/wp\/v2\/posts"}],"about":[{"href":"https:\/\/voceeumvitorioso.com.br\/index.php?rest_route=\/wp\/v2\/types\/post"}],"author":[{"embeddable":true,"href":"https:\/\/voceeumvitorioso.com.br\/index.php?rest_route=\/wp\/v2\/users\/1"}],"replies":[{"embeddable":true,"href":"https:\/\/voceeumvitorioso.com.br\/index.php?rest_route=%2Fwp%2Fv2%2Fcomments&post=2867"}],"version-history":[{"count":6,"href":"https:\/\/voceeumvitorioso.com.br\/index.php?rest_route=\/wp\/v2\/posts\/2867\/revisions"}],"predecessor-version":[{"id":3145,"href":"https:\/\/voceeumvitorioso.com.br\/index.php?rest_route=\/wp\/v2\/posts\/2867\/revisions\/3145"}],"wp:attachment":[{"href":"https:\/\/voceeumvitorioso.com.br\/index.php?rest_route=%2Fwp%2Fv2%2Fmedia&parent=2867"}],"wp:term":[{"taxonomy":"category","embeddable":true,"href":"https:\/\/voceeumvitorioso.com.br\/index.php?rest_route=%2Fwp%2Fv2%2Fcategories&post=2867"},{"taxonomy":"post_tag","embeddable":true,"href":"https:\/\/voceeumvitorioso.com.br\/index.php?rest_route=%2Fwp%2Fv2%2Ftags&post=2867"}],"curies":[{"name":"wp","href":"https:\/\/api.w.org\/{rel}","templated":true}]}}