{"id":5036,"date":"2026-09-02T18:19:51","date_gmt":"2026-09-02T21:19:51","guid":{"rendered":"https:\/\/voceeumvitorioso.com.br\/?p=5036"},"modified":"2026-09-02T18:19:51","modified_gmt":"2026-09-02T21:19:51","slug":"um-dia-especial","status":"publish","type":"post","link":"https:\/\/voceeumvitorioso.com.br\/?p=5036","title":{"rendered":"UM DIA ESPECIAL"},"content":{"rendered":"\n<div class=\"wp-block-image\"><figure class=\"aligncenter size-large is-resized\"><img loading=\"lazy\" src=\"https:\/\/voceeumvitorioso.com.br\/wp-content\/uploads\/2026\/09\/790425800_383152-523x1024.jpg\" alt=\"\" class=\"wp-image-5037\" width=\"292\" height=\"571\" srcset=\"https:\/\/voceeumvitorioso.com.br\/wp-content\/uploads\/2026\/09\/790425800_383152-523x1024.jpg 523w, https:\/\/voceeumvitorioso.com.br\/wp-content\/uploads\/2026\/09\/790425800_383152-153x300.jpg 153w, https:\/\/voceeumvitorioso.com.br\/wp-content\/uploads\/2026\/09\/790425800_383152-768x1504.jpg 768w, https:\/\/voceeumvitorioso.com.br\/wp-content\/uploads\/2026\/09\/790425800_383152-785x1536.jpg 785w, https:\/\/voceeumvitorioso.com.br\/wp-content\/uploads\/2026\/09\/790425800_383152.jpg 806w\" sizes=\"(max-width: 292px) 100vw, 292px\" \/><\/figure><\/div>\n\n\n\n<p>Um dia, eu conheci algu\u00e9m especial. E esse dia, se tornou um dia especial. E por muito tempo, achei que esse dia, ningu\u00e9m tiraria de mim. Neste dia, esse algu\u00e9m, se tornou parte de mim. <\/p>\n\n\n\n<p>Erro, d\u00e1diva, ilus\u00e3o, realidade&#8230; N\u00e3o importa, esse algu\u00e9m se tornou especial. E esse algu\u00e9m passou a ser eu, e eu passei a ser esse algu\u00e9m (ou apenas vivi isso). E esse algu\u00e9m secou minhas l\u00e1grimas. E esse algu\u00e9m suavizou meu ser. <\/p>\n\n\n\n<p>E esse algu\u00e9m, se sintonizou a mim. Mas de repente esse algu\u00e9m se esvaiu, como a \u00e1gua que escapa pelos v\u00e3os dos dedos. N\u00e3o era abandono, n\u00e3o era trai\u00e7\u00e3o&#8230; Era liberdade. E do mesmo jeito que em um dia especial, conheci esse algu\u00e9m especial, percebi, ent\u00e3o, logo de pouco racioc\u00ednio (mas talvez grande conflito), que esse algu\u00e9m, que conheci naquele dia, o que tinha de mais especial era a sua liberdade. <\/p>\n\n\n\n<p>E assim vi, que n\u00e3o estava permitindo deixar ser \u00e0quela pessoa especial o que \u00e9 de fato: um ser livre.<\/p>\n\n\n\n<p>Talvez o zelo, o carinho, o apego, ou at\u00e9 a posse (por que n\u00e3o pensar nisso?) n\u00e3o me permitiram fixar em uma cronologia \u00f3bvia e talvez l\u00f3gica e antiga, de que somos seres livres e especiais.<\/p>\n\n\n\n<p>E ent\u00e3o me pergunto: Por que tenho dificuldades de entender a liberdade de um ser t\u00e3o especial? E diante das diretrizes da vida, cada ser (que tamb\u00e9m \u00e9 especial), possui reflexos e rea\u00e7\u00f5es \u00e0 imposi\u00e7\u00f5es que a vida (modificadora de mil\u00e9simos), contrap\u00f5e \u00e0s nossas realidades (ou castelos constru\u00eddos na areia pr\u00f3xima a mar\u00e9 que logo sobe).<\/p>\n\n\n\n<p>Na conclus\u00e3o do meu \u00edntimo, diante de minhas rea\u00e7\u00f5es, finalizando, entendendo e at\u00e9 mesmo me perdoando (por que n\u00e3o?), que n\u00e3o devo praticar o abandono, nem a m\u00e1goa, nem o ci\u00fame&#8230;Devo praticar, como pratico, apenas o desapego, de deixar um ser especial (meu ser especial), ser o que \u00e9: UM SER LIVRE.<\/p>\n\n\n\n<p>O MEU GRANDE AMOR DA MINHA VIDA. MEU MENINO REI!<\/p>\n\n\n\n<figure class=\"wp-block-embed is-type-video is-provider-youtube wp-block-embed-youtube wp-embed-aspect-16-9 wp-has-aspect-ratio\"><div class=\"wp-block-embed__wrapper\">\n<iframe loading=\"lazy\" title=\"Juliano Son | Lindo \u00e9s + S\u00f3 Quero Ver Voc\u00ea (Livres Ao Vivo Em S\u00e3o Paulo)\" width=\"840\" height=\"473\" src=\"https:\/\/www.youtube.com\/embed\/tjgFHeI9JGs?feature=oembed\" frameborder=\"0\" allow=\"accelerometer; autoplay; clipboard-write; encrypted-media; gyroscope; picture-in-picture; web-share\" referrerpolicy=\"strict-origin-when-cross-origin\" allowfullscreen><\/iframe>\n<\/div><\/figure>\n","protected":false},"excerpt":{"rendered":"<p>Um dia, eu conheci algu\u00e9m especial. E esse dia, se tornou um dia especial. E por muito tempo, achei que<\/p>\n","protected":false},"author":1,"featured_media":0,"comment_status":"closed","ping_status":"open","sticky":false,"template":"","format":"standard","meta":[],"categories":[1],"tags":[],"_links":{"self":[{"href":"https:\/\/voceeumvitorioso.com.br\/index.php?rest_route=\/wp\/v2\/posts\/5036"}],"collection":[{"href":"https:\/\/voceeumvitorioso.com.br\/index.php?rest_route=\/wp\/v2\/posts"}],"about":[{"href":"https:\/\/voceeumvitorioso.com.br\/index.php?rest_route=\/wp\/v2\/types\/post"}],"author":[{"embeddable":true,"href":"https:\/\/voceeumvitorioso.com.br\/index.php?rest_route=\/wp\/v2\/users\/1"}],"replies":[{"embeddable":true,"href":"https:\/\/voceeumvitorioso.com.br\/index.php?rest_route=%2Fwp%2Fv2%2Fcomments&post=5036"}],"version-history":[{"count":1,"href":"https:\/\/voceeumvitorioso.com.br\/index.php?rest_route=\/wp\/v2\/posts\/5036\/revisions"}],"predecessor-version":[{"id":5038,"href":"https:\/\/voceeumvitorioso.com.br\/index.php?rest_route=\/wp\/v2\/posts\/5036\/revisions\/5038"}],"wp:attachment":[{"href":"https:\/\/voceeumvitorioso.com.br\/index.php?rest_route=%2Fwp%2Fv2%2Fmedia&parent=5036"}],"wp:term":[{"taxonomy":"category","embeddable":true,"href":"https:\/\/voceeumvitorioso.com.br\/index.php?rest_route=%2Fwp%2Fv2%2Fcategories&post=5036"},{"taxonomy":"post_tag","embeddable":true,"href":"https:\/\/voceeumvitorioso.com.br\/index.php?rest_route=%2Fwp%2Fv2%2Ftags&post=5036"}],"curies":[{"name":"wp","href":"https:\/\/api.w.org\/{rel}","templated":true}]}}